{"id":20694,"date":"2024-10-08T08:03:24","date_gmt":"2024-10-08T13:03:24","guid":{"rendered":"https:\/\/costaricainfolink.com\/es\/?p=20694"},"modified":"2024-10-08T08:09:55","modified_gmt":"2024-10-08T13:09:55","slug":"costa-rica-asi-es-el-plan-de-turismo-ecologico-para-proteger-el-medio-ambiente","status":"publish","type":"post","link":"https:\/\/costaricainfolink.com\/es\/costa-rica-asi-es-el-plan-de-turismo-ecologico-para-proteger-el-medio-ambiente\/","title":{"rendered":"Costa Rica: As\u00ed es el plan de turismo ecol\u00f3gico para proteger el medio ambiente"},"content":{"rendered":"\n<div class=\"wp-block-cover has-custom-content-position is-position-bottom-left\"><span aria-hidden=\"true\" class=\"wp-block-cover__background has-background-dim\"><\/span><img data-recalc-dims=\"1\" decoding=\"async\" width=\"1200\" height=\"672\" data-attachment-id=\"20695\" data-permalink=\"https:\/\/costaricainfolink.com\/es\/costa-rica-asi-es-el-plan-de-turismo-ecologico-para-proteger-el-medio-ambiente\/cachorro-de-perezoso-costa-rica\/#main\" data-orig-file=\"https:\/\/i0.wp.com\/costaricainfolink.com\/es\/wp-content\/uploads\/2024\/10\/Cachorro-de-Perezoso-Costa-Rica.jpg?fit=1200%2C672&amp;ssl=1\" data-orig-size=\"1200,672\" data-comments-opened=\"0\" data-image-meta=\"{&quot;aperture&quot;:&quot;0&quot;,&quot;credit&quot;:&quot;&quot;,&quot;camera&quot;:&quot;&quot;,&quot;caption&quot;:&quot;&quot;,&quot;created_timestamp&quot;:&quot;0&quot;,&quot;copyright&quot;:&quot;&quot;,&quot;focal_length&quot;:&quot;0&quot;,&quot;iso&quot;:&quot;0&quot;,&quot;shutter_speed&quot;:&quot;0&quot;,&quot;title&quot;:&quot;&quot;,&quot;orientation&quot;:&quot;0&quot;}\" data-image-title=\"Cachorro de Perezoso Costa Rica\" data-image-description=\"\" data-image-caption=\"\" data-large-file=\"https:\/\/i0.wp.com\/costaricainfolink.com\/es\/wp-content\/uploads\/2024\/10\/Cachorro-de-Perezoso-Costa-Rica.jpg?fit=1200%2C672&amp;ssl=1\" class=\"wp-block-cover__image-background wp-image-20695\" alt=\"Cachorro de Perezoso Costa Rica.\" src=\"https:\/\/i0.wp.com\/costaricainfolink.com\/es\/wp-content\/uploads\/2024\/10\/Cachorro-de-Perezoso-Costa-Rica.jpg?resize=1200%2C672&#038;ssl=1\" data-object-fit=\"cover\" srcset=\"https:\/\/i0.wp.com\/costaricainfolink.com\/es\/wp-content\/uploads\/2024\/10\/Cachorro-de-Perezoso-Costa-Rica.jpg?w=1200&amp;ssl=1 1200w, https:\/\/i0.wp.com\/costaricainfolink.com\/es\/wp-content\/uploads\/2024\/10\/Cachorro-de-Perezoso-Costa-Rica.jpg?resize=768%2C430&amp;ssl=1 768w\" sizes=\"(max-width: 1200px) 100vw, 1200px\" \/><div class=\"wp-block-cover__inner-container is-layout-flow wp-block-cover-is-layout-flow\">\n<p class=\"has-text-align-center has-medium-font-size wp-block-paragraph\">Un cachorro de perezoso. | CR\u00c9DITO: \u00a9Gianmarco Di Costanzo.<\/p>\n<\/div><\/div>\n\n\n\n<p class=\"has-contrast-color has-text-color has-link-color has-medium-font-size wp-elements-1 wp-block-paragraph\"><strong>En uno de los pa\u00edses m\u00e1s biodiversos del mundo, los visitantes juegan un papel clave en la conservaci\u00f3n. As\u00ed es el plan de turismo ecol\u00f3gico en Costa Rica.<\/strong><\/p>\n\n\n\n<p class=\"has-contrast-color has-text-color has-link-color has-medium-font-size wp-elements-2 wp-block-paragraph\">Costa Rica, un pa\u00eds de unos 5 millones de habitantes, es un pa\u00eds muy popular para los viajeros por sus paisajes tropicales, playas, cascadas y volcanes. A pesar de su peque\u00f1o tama\u00f1o, en el pa\u00eds hay m\u00e1s del 5% de la biodiversidad de todo el planeta. Gracias a sus leyes que tienen como objetivo proteger el medio ambiente, Costa Rica promueve el conocimiento de la naturaleza y la educaci\u00f3n ambiental, con la participaci\u00f3n de las comunidades locales en la gesti\u00f3n del turismo medioambiental y ecol\u00f3gico.<\/p>\n\n\n\n<p class=\"has-contrast-color has-text-color has-link-color has-medium-font-size wp-elements-3 wp-block-paragraph\">Las \u00e1reas protegidas son gestionadas por el SINAC (Sistema Nacional de \u00c1rea Protegidas), oficina del Ministerio de Medio Ambiente, mientras que el turismo es manejado por el ICT (Instituto Costarricense de Turismo). Parques como Manuel Antonio, Corcovado, Cahuita o Tortuguero son meta de visitantes de todo el mundo.<\/p>\n\n\n\n<p class=\"has-medium-font-size wp-block-paragraph\"><strong>Pen\u00ednsula de Corcovado: Uno de los sitios m\u00e1s salvajes del pa\u00eds y con mayor biodiversidad del mundo<\/strong><\/p>\n\n\n\n<div class=\"wp-block-cover has-custom-content-position is-position-bottom-left\"><span aria-hidden=\"true\" class=\"wp-block-cover__background has-background-dim\"><\/span><img data-recalc-dims=\"1\" decoding=\"async\" width=\"1200\" height=\"672\" data-attachment-id=\"20696\" data-permalink=\"https:\/\/costaricainfolink.com\/es\/costa-rica-asi-es-el-plan-de-turismo-ecologico-para-proteger-el-medio-ambiente\/obed-investigador-de-adi-buscando-microorganismos-en-parque-del-corcovado\/#main\" data-orig-file=\"https:\/\/i0.wp.com\/costaricainfolink.com\/es\/wp-content\/uploads\/2024\/10\/Obed-investigador-de-ADI-buscando-microorganismos-en-Parque-del-Corcovado.jpg?fit=1200%2C672&amp;ssl=1\" data-orig-size=\"1200,672\" data-comments-opened=\"0\" data-image-meta=\"{&quot;aperture&quot;:&quot;0&quot;,&quot;credit&quot;:&quot;&quot;,&quot;camera&quot;:&quot;&quot;,&quot;caption&quot;:&quot;&quot;,&quot;created_timestamp&quot;:&quot;0&quot;,&quot;copyright&quot;:&quot;&quot;,&quot;focal_length&quot;:&quot;0&quot;,&quot;iso&quot;:&quot;0&quot;,&quot;shutter_speed&quot;:&quot;0&quot;,&quot;title&quot;:&quot;&quot;,&quot;orientation&quot;:&quot;0&quot;}\" data-image-title=\"Obed, investigador de ADI, buscando microorganismos en Parque del Corcovado\" data-image-description=\"\" data-image-caption=\"\" data-large-file=\"https:\/\/i0.wp.com\/costaricainfolink.com\/es\/wp-content\/uploads\/2024\/10\/Obed-investigador-de-ADI-buscando-microorganismos-en-Parque-del-Corcovado.jpg?fit=1200%2C672&amp;ssl=1\" class=\"wp-block-cover__image-background wp-image-20696\" alt=\"Obed, investigador de ADI, buscando microorganismos en Parque del Corcovado.\" src=\"https:\/\/i0.wp.com\/costaricainfolink.com\/es\/wp-content\/uploads\/2024\/10\/Obed-investigador-de-ADI-buscando-microorganismos-en-Parque-del-Corcovado.jpg?resize=1200%2C672&#038;ssl=1\" data-object-fit=\"cover\" srcset=\"https:\/\/i0.wp.com\/costaricainfolink.com\/es\/wp-content\/uploads\/2024\/10\/Obed-investigador-de-ADI-buscando-microorganismos-en-Parque-del-Corcovado.jpg?w=1200&amp;ssl=1 1200w, https:\/\/i0.wp.com\/costaricainfolink.com\/es\/wp-content\/uploads\/2024\/10\/Obed-investigador-de-ADI-buscando-microorganismos-en-Parque-del-Corcovado.jpg?resize=768%2C430&amp;ssl=1 768w\" sizes=\"(max-width: 1200px) 100vw, 1200px\" \/><div class=\"wp-block-cover__inner-container is-layout-flow wp-block-cover-is-layout-flow\">\n<p class=\"has-text-align-center has-medium-font-size wp-block-paragraph\">Obed, investigador de ADI, buscando microorganismos en Parque del Corcovado. | CR\u00c9DITO: \u00a9Gianmarco Di Costanzo.<\/p>\n<\/div><\/div>\n\n\n\n<p class=\"has-contrast-color has-text-color has-link-color has-medium-font-size wp-elements-4 wp-block-paragraph\">El Parque del Corcovado, que abarca unos 42 mil hect\u00e1reas y 46 km de costa, es un lugar salvaje donde a menudo se descubren nuevas especies de animales y plantas, donde los animales viven en paz por todo el parque.<\/p>\n\n\n\n<p class=\"has-contrast-color has-text-color has-link-color has-medium-font-size wp-elements-5 wp-block-paragraph\">El SINAC controla el parque con sus guardabosques que lo patrullan todo el d\u00eda, en colaboraci\u00f3n con la asociaci\u00f3n local ADI (Asociaci\u00f3n de Desarrollo Integral), trabajando constantemente para que las visitas al parque sean sostenibles para el ecosistema<\/p>\n\n\n\n<p class=\"has-contrast-color has-text-color has-link-color has-medium-font-size wp-elements-6 wp-block-paragraph\">\u201cTrabajamos constantemente para hacer que este parque sea sostenible para el turismo ambiental para preservar este para\u00edso de la biodiversidad haciendo la zona totalmente eco-sostenible \u00abexplica Obed, investigador de ADI.<\/p>\n\n\n\n<p class=\"has-contrast-color has-text-color has-link-color has-medium-font-size wp-elements-7 wp-block-paragraph\"><strong>Bosque tropical, nebulosa, lluvioso, p\u00e1ramo y muchos volcanes activos e inactivos: el paisaje de Costa Rica<\/strong><\/p>\n\n\n\n<div class=\"wp-block-cover has-custom-content-position is-position-bottom-left\"><span aria-hidden=\"true\" class=\"wp-block-cover__background has-background-dim\"><\/span><img data-recalc-dims=\"1\" decoding=\"async\" width=\"1200\" height=\"672\" data-attachment-id=\"20697\" data-permalink=\"https:\/\/costaricainfolink.com\/es\/costa-rica-asi-es-el-plan-de-turismo-ecologico-para-proteger-el-medio-ambiente\/el-chirripo-es-la-cima-mas-alta-de-costa-rica\/#main\" data-orig-file=\"https:\/\/i0.wp.com\/costaricainfolink.com\/es\/wp-content\/uploads\/2024\/10\/El-Chirripo-es-la-cima-mas-alta-de-Costa-Rica.jpg?fit=1200%2C672&amp;ssl=1\" data-orig-size=\"1200,672\" data-comments-opened=\"0\" data-image-meta=\"{&quot;aperture&quot;:&quot;0&quot;,&quot;credit&quot;:&quot;&quot;,&quot;camera&quot;:&quot;&quot;,&quot;caption&quot;:&quot;&quot;,&quot;created_timestamp&quot;:&quot;0&quot;,&quot;copyright&quot;:&quot;&quot;,&quot;focal_length&quot;:&quot;0&quot;,&quot;iso&quot;:&quot;0&quot;,&quot;shutter_speed&quot;:&quot;0&quot;,&quot;title&quot;:&quot;&quot;,&quot;orientation&quot;:&quot;0&quot;}\" data-image-title=\"El Chirrip\u00f3 es la cima mas alta de Costa Rica\" data-image-description=\"\" data-image-caption=\"\" data-large-file=\"https:\/\/i0.wp.com\/costaricainfolink.com\/es\/wp-content\/uploads\/2024\/10\/El-Chirripo-es-la-cima-mas-alta-de-Costa-Rica.jpg?fit=1200%2C672&amp;ssl=1\" class=\"wp-block-cover__image-background wp-image-20697\" alt=\"El Chirrip\u00f3 es la cima mas alta de Costa Rica.\" src=\"https:\/\/i0.wp.com\/costaricainfolink.com\/es\/wp-content\/uploads\/2024\/10\/El-Chirripo-es-la-cima-mas-alta-de-Costa-Rica.jpg?resize=1200%2C672&#038;ssl=1\" data-object-fit=\"cover\" srcset=\"https:\/\/i0.wp.com\/costaricainfolink.com\/es\/wp-content\/uploads\/2024\/10\/El-Chirripo-es-la-cima-mas-alta-de-Costa-Rica.jpg?w=1200&amp;ssl=1 1200w, https:\/\/i0.wp.com\/costaricainfolink.com\/es\/wp-content\/uploads\/2024\/10\/El-Chirripo-es-la-cima-mas-alta-de-Costa-Rica.jpg?resize=768%2C430&amp;ssl=1 768w\" sizes=\"(max-width: 1200px) 100vw, 1200px\" \/><div class=\"wp-block-cover__inner-container is-layout-flow wp-block-cover-is-layout-flow\">\n<p class=\"has-text-align-center has-medium-font-size wp-block-paragraph\">El Chirrip\u00f3 es la cima mas alta de Costa Rica. | CR\u00c9DITO: \u00a9Gianmarco Di Costanzo<\/p>\n<\/div><\/div>\n\n\n\n<p class=\"has-contrast-color has-text-color has-link-color has-medium-font-size wp-elements-8 wp-block-paragraph\">En las zonas m\u00e1s altas crece el ecosistema del p\u00e1ramo, como en el Parque Nacional Chirrip\u00f2, con el pico hom\u00f3nimo m\u00e1s alto de Costa Rica. Este ecosistema tiende a retener el di\u00f3xido de carbono con su vegetaci\u00f3n, ayudando a combatir el cambio clim\u00e1tico.<\/p>\n\n\n\n<p class=\"has-contrast-color has-text-color has-link-color has-medium-font-size wp-elements-9 wp-block-paragraph\">Andr\u00e9s Mora administra el parque en el campamento base por el SINAC:<\/p>\n\n\n\n<p class=\"has-contrast-color has-text-color has-link-color has-medium-font-size wp-elements-10 wp-block-paragraph\">\u00abCada a\u00f1o vienen muchos visitantes. Gestionarlos haciendo del turismo sostenible por el medio ambiente no es f\u00e1cil. El p\u00e1ramo es un patrimonio mundial, y debemos protegerlo\u00bb, menciona Andr\u00e9s.<\/p>\n\n\n\n<p class=\"has-medium-font-size wp-block-paragraph\"><strong>Una protecci\u00f3n a muchas manos<\/strong><\/p>\n\n\n\n<div class=\"wp-block-cover has-custom-content-position is-position-bottom-left\"><span aria-hidden=\"true\" class=\"wp-block-cover__background has-background-dim\"><\/span><img data-recalc-dims=\"1\" decoding=\"async\" width=\"1200\" height=\"672\" data-attachment-id=\"20698\" data-permalink=\"https:\/\/costaricainfolink.com\/es\/costa-rica-asi-es-el-plan-de-turismo-ecologico-para-proteger-el-medio-ambiente\/playa-buena-vista-costa-rica-por-la-noche-con-bioluminiscencia\/#main\" data-orig-file=\"https:\/\/i0.wp.com\/costaricainfolink.com\/es\/wp-content\/uploads\/2024\/10\/Playa-Buena-Vista-Costa-Rica-por-la-noche-con-bioluminiscencia.jpg?fit=1200%2C672&amp;ssl=1\" data-orig-size=\"1200,672\" data-comments-opened=\"0\" data-image-meta=\"{&quot;aperture&quot;:&quot;0&quot;,&quot;credit&quot;:&quot;&quot;,&quot;camera&quot;:&quot;&quot;,&quot;caption&quot;:&quot;&quot;,&quot;created_timestamp&quot;:&quot;0&quot;,&quot;copyright&quot;:&quot;&quot;,&quot;focal_length&quot;:&quot;0&quot;,&quot;iso&quot;:&quot;0&quot;,&quot;shutter_speed&quot;:&quot;0&quot;,&quot;title&quot;:&quot;&quot;,&quot;orientation&quot;:&quot;0&quot;}\" data-image-title=\"Playa Buena Vista Costa Rica por la noche con bioluminiscencia\" data-image-description=\"\" data-image-caption=\"\" data-large-file=\"https:\/\/i0.wp.com\/costaricainfolink.com\/es\/wp-content\/uploads\/2024\/10\/Playa-Buena-Vista-Costa-Rica-por-la-noche-con-bioluminiscencia.jpg?fit=1200%2C672&amp;ssl=1\" class=\"wp-block-cover__image-background wp-image-20698\" alt=\"Playa Buena Vista Costa Rica por la noche con bioluminiscencia..\" src=\"https:\/\/i0.wp.com\/costaricainfolink.com\/es\/wp-content\/uploads\/2024\/10\/Playa-Buena-Vista-Costa-Rica-por-la-noche-con-bioluminiscencia.jpg?resize=1200%2C672&#038;ssl=1\" data-object-fit=\"cover\" srcset=\"https:\/\/i0.wp.com\/costaricainfolink.com\/es\/wp-content\/uploads\/2024\/10\/Playa-Buena-Vista-Costa-Rica-por-la-noche-con-bioluminiscencia.jpg?w=1200&amp;ssl=1 1200w, https:\/\/i0.wp.com\/costaricainfolink.com\/es\/wp-content\/uploads\/2024\/10\/Playa-Buena-Vista-Costa-Rica-por-la-noche-con-bioluminiscencia.jpg?resize=768%2C430&amp;ssl=1 768w\" sizes=\"(max-width: 1200px) 100vw, 1200px\" \/><div class=\"wp-block-cover__inner-container is-layout-flow wp-block-cover-is-layout-flow\">\n<p class=\"has-text-align-center has-large-font-size wp-block-paragraph\"><\/p>\n<\/div><\/div>\n\n\n\n<p class=\"has-medium-font-size wp-block-paragraph\"><a href=\"https:\/\/costaricainfolink.com\/es\/playa-buena-vista-costa-rica\/\" target=\"_blank\" rel=\"noreferrer noopener\">Playa Buena Vista Costa Rica<\/a> por la noche con bioluminiscencia. | CR\u00c9DITO: \u00a9Gianmarco Di Costanzo<\/p>\n\n\n\n<p class=\"has-contrast-color has-text-color has-link-color has-medium-font-size wp-elements-11 wp-block-paragraph\"><strong>Muchas asociaciones no profit trabajan por la protecci\u00f3n del medioambiente, a menudo en colaboraci\u00f3n con SINAC<\/strong>. Muchos viajeros vienen a Costa Rica para trabajar en colaboraci\u00f3n con las diferentes asociaciones, as\u00ed pueden ayudar y aprender conocimientos sobre la protecci\u00f3n del medio ambiente.<\/p>\n\n\n\n<p class=\"has-contrast-color has-text-color has-link-color has-medium-font-size wp-elements-12 wp-block-paragraph\">La ASVO, una <strong>asociaci\u00f3n de voluntarios dispersos por todo el pa\u00eds, se ocupa de la protecci\u00f3n del medio ambiente y la investigaci\u00f3n<\/strong>. El jefe de la oficina en el Parque Tortuguero, un bi\u00f3logo costarricense, James Zu\u00f1iga, coordina las actividades de voluntarios.<\/p>\n\n\n\n<p class=\"has-contrast-color has-text-color has-link-color has-medium-font-size wp-elements-13 wp-block-paragraph\">\u00abGestionar a todos estos voluntarios que vienen de muchos pa\u00edses y hablan muchos idiomas no es f\u00e1cil. Pero ense\u00f1arlos a proteger el medio ambiente y respetar la naturaleza es muy gratificante, y es esencial que aprendan a salvaguardar su medio ambiente en un momento en que la naturaleza est\u00e1 en constante peligro\u00bb, dice James.<\/p>\n\n\n\n<p class=\"has-contrast-color has-text-color has-link-color has-medium-font-size wp-elements-14 wp-block-paragraph\"><strong>Turismo ecol\u00f3gico al rescate la vida de Costa Rica<\/strong><\/p>\n\n\n\n<figure class=\"wp-block-image size-full\"><img data-recalc-dims=\"1\" decoding=\"async\" width=\"1200\" height=\"672\" data-attachment-id=\"20699\" data-permalink=\"https:\/\/costaricainfolink.com\/es\/costa-rica-asi-es-el-plan-de-turismo-ecologico-para-proteger-el-medio-ambiente\/mono-arana-en-parque-corcovado-costa-rica\/#main\" data-orig-file=\"https:\/\/i0.wp.com\/costaricainfolink.com\/es\/wp-content\/uploads\/2024\/10\/Mono-arana-en-Parque-Corcovado-Costa-Rica.jpg?fit=1200%2C672&amp;ssl=1\" data-orig-size=\"1200,672\" data-comments-opened=\"0\" data-image-meta=\"{&quot;aperture&quot;:&quot;0&quot;,&quot;credit&quot;:&quot;&quot;,&quot;camera&quot;:&quot;&quot;,&quot;caption&quot;:&quot;&quot;,&quot;created_timestamp&quot;:&quot;0&quot;,&quot;copyright&quot;:&quot;&quot;,&quot;focal_length&quot;:&quot;0&quot;,&quot;iso&quot;:&quot;0&quot;,&quot;shutter_speed&quot;:&quot;0&quot;,&quot;title&quot;:&quot;&quot;,&quot;orientation&quot;:&quot;0&quot;}\" data-image-title=\"Mono ara\u00f1a en Parque Corcovado Costa Rica\" data-image-description=\"\" data-image-caption=\"\" data-large-file=\"https:\/\/i0.wp.com\/costaricainfolink.com\/es\/wp-content\/uploads\/2024\/10\/Mono-arana-en-Parque-Corcovado-Costa-Rica.jpg?fit=1200%2C672&amp;ssl=1\" src=\"https:\/\/i0.wp.com\/costaricainfolink.com\/es\/wp-content\/uploads\/2024\/10\/Mono-arana-en-Parque-Corcovado-Costa-Rica.jpg?resize=1200%2C672&#038;ssl=1\" alt=\"Mono ara\u00f1a en Parque Corcovado Costa Rica.\" class=\"wp-image-20699\" srcset=\"https:\/\/i0.wp.com\/costaricainfolink.com\/es\/wp-content\/uploads\/2024\/10\/Mono-arana-en-Parque-Corcovado-Costa-Rica.jpg?w=1200&amp;ssl=1 1200w, https:\/\/i0.wp.com\/costaricainfolink.com\/es\/wp-content\/uploads\/2024\/10\/Mono-arana-en-Parque-Corcovado-Costa-Rica.jpg?resize=768%2C430&amp;ssl=1 768w\" sizes=\"(max-width: 1200px) 100vw, 1200px\" \/><\/figure>\n\n\n\n<p class=\"has-medium-font-size wp-block-paragraph\"><br>Mono ara\u00f1a en <a href=\"https:\/\/costaricainfolink.com\/es\/parque-nacional-corcovado-costa-rica\/\" target=\"_blank\" rel=\"noreferrer noopener\">Parque Corcovado Costa Rica<\/a>. El Parque Corcovado, que abarca unos 42 mil hect\u00e1reas y 46 km de costa, es un lugar salvaje donde a menudo se descubren nuevas especies de animales y plantas, donde los animales viven en paz por todo el parque. | CR\u00c9DITOS: \u00a9Gianmarco Di Costanzo<\/p>\n\n\n\n<p class=\"has-medium-font-size wp-block-paragraph\">En la oficina de <a href=\"https:\/\/costaricainfolink.com\/es\/playa-buena-vista-costa-rica\/\" target=\"_blank\" rel=\"noreferrer noopener\">Playa Buena Vista<\/a>, en la pen\u00ednsula de Nicoya en la costa del Pacifico, la ASVO es responsable de <strong>salvaguardar y proteger los huevos que las tortugas marinas vienen a poner en la playa<\/strong>.<\/p>\n\n\n\n<p class=\"has-medium-font-size wp-block-paragraph\">\u00abMuchas personas buscan huevos para venderlos. Nuestro trabajo es proteger los huevos hasta que eclosionen\u00bb explica Alberto L\u00f3pez, coordinador del centro de <a href=\"https:\/\/costaricainfolink.com\/es\/playa-buena-vista-costa-rica\/\" target=\"_blank\" rel=\"noreferrer noopener\">Playa Buena Vista<\/a>. \u00abLlevamos a cabo diversas actividades en el centro, como la limpieza de la playa y el cultivo de huertos\u00bb, contin\u00faa Alberto.<\/p>\n\n\n\n<p class=\"has-contrast-color has-text-color has-link-color has-medium-font-size wp-elements-15 wp-block-paragraph\">Hay varios tipos de Asociaciones que trabajan por la protecci\u00f3n del medio ambiente. Los centros de rescate se ocupan de salvar a los animales lesionados, y se autofinancian con donaciones y turismo.<\/p>\n\n\n\n<p class=\"has-contrast-color has-text-color has-link-color has-medium-font-size wp-elements-16 wp-block-paragraph\"><strong>Jaguar Rescue Center<\/strong><\/p>\n\n\n\n<figure class=\"wp-block-image size-full\"><img data-recalc-dims=\"1\" decoding=\"async\" width=\"1080\" height=\"720\" data-attachment-id=\"20700\" data-permalink=\"https:\/\/costaricainfolink.com\/es\/costa-rica-asi-es-el-plan-de-turismo-ecologico-para-proteger-el-medio-ambiente\/encar-garcia-con-un-cachorro-de-mono\/#main\" data-orig-file=\"https:\/\/i0.wp.com\/costaricainfolink.com\/es\/wp-content\/uploads\/2024\/10\/Encar-Garcia-con-un-cachorro-de-mono.jpeg?fit=1080%2C720&amp;ssl=1\" data-orig-size=\"1080,720\" data-comments-opened=\"0\" data-image-meta=\"{&quot;aperture&quot;:&quot;0&quot;,&quot;credit&quot;:&quot;&quot;,&quot;camera&quot;:&quot;&quot;,&quot;caption&quot;:&quot;&quot;,&quot;created_timestamp&quot;:&quot;0&quot;,&quot;copyright&quot;:&quot;&quot;,&quot;focal_length&quot;:&quot;0&quot;,&quot;iso&quot;:&quot;0&quot;,&quot;shutter_speed&quot;:&quot;0&quot;,&quot;title&quot;:&quot;&quot;,&quot;orientation&quot;:&quot;0&quot;}\" data-image-title=\"Encar Garc\u00eda con un cachorro de mono\" data-image-description=\"\" data-image-caption=\"\" data-large-file=\"https:\/\/i0.wp.com\/costaricainfolink.com\/es\/wp-content\/uploads\/2024\/10\/Encar-Garcia-con-un-cachorro-de-mono.jpeg?fit=1080%2C720&amp;ssl=1\" src=\"https:\/\/i0.wp.com\/costaricainfolink.com\/es\/wp-content\/uploads\/2024\/10\/Encar-Garcia-con-un-cachorro-de-mono.jpeg?resize=1080%2C720&#038;ssl=1\" alt=\"\" class=\"wp-image-20700\" srcset=\"https:\/\/i0.wp.com\/costaricainfolink.com\/es\/wp-content\/uploads\/2024\/10\/Encar-Garcia-con-un-cachorro-de-mono.jpeg?w=1080&amp;ssl=1 1080w, https:\/\/i0.wp.com\/costaricainfolink.com\/es\/wp-content\/uploads\/2024\/10\/Encar-Garcia-con-un-cachorro-de-mono.jpeg?resize=768%2C512&amp;ssl=1 768w\" sizes=\"(max-width: 1080px) 100vw, 1080px\" \/><\/figure>\n\n\n\n<p class=\"has-contrast-color has-text-color has-link-color has-medium-font-size wp-elements-17 wp-block-paragraph\">Encar Garc\u00eda con un cachorro de mono. Encar abri\u00f3 el Jaguar Rescue Center en Punta Chiquita, cerca de Puerto Viejo De Talamanca. | CR\u00c9DITOS: \u00a9Gianmarco Di Costanzo.<\/p>\n\n\n\n<p class=\"has-contrast-color has-text-color has-link-color has-medium-font-size wp-elements-18 wp-block-paragraph\">Encar Garc\u00eda abri\u00f3 en 2008 el Jaguar Rescue Center en Punta Chiquita, cerca de Puerto Viejo De Talamanca, con su esposo Sandro Alvini, que muri\u00f3 hace unos a\u00f1os. <strong>Ella es una bi\u00f3loga de Barcelona y Sandro era un herpet\u00f3logo italiano<\/strong>.<\/p>\n\n\n\n<p class=\"has-contrast-color has-text-color has-link-color has-medium-font-size wp-elements-19 wp-block-paragraph\"><strong>\u00abEra nuestro sue\u00f1o desde que nos conocimos en Costa Rica abrir un centro de rescate. Ahora que Sandro ya no est\u00e1 aqu\u00ed, sigo con nuestro sue\u00f1o\u00bb, dice Encar.<\/strong><\/p>\n\n\n\n<p class=\"has-contrast-color has-text-color has-link-color has-medium-font-size wp-elements-20 wp-block-paragraph\"><strong>Wild Sun Rescue Center<\/strong><\/p>\n\n\n\n<figure class=\"wp-block-image size-full\"><img data-recalc-dims=\"1\" decoding=\"async\" width=\"1200\" height=\"672\" data-attachment-id=\"20701\" data-permalink=\"https:\/\/costaricainfolink.com\/es\/costa-rica-asi-es-el-plan-de-turismo-ecologico-para-proteger-el-medio-ambiente\/en-cabuya-en-la-peninsula-de-nicoya-jeremy-adam-levin-fundo-el-wild-sun-rescue-center\/#main\" data-orig-file=\"https:\/\/i0.wp.com\/costaricainfolink.com\/es\/wp-content\/uploads\/2024\/10\/En-Cabuya-en-la-peninsula-de-Nicoya-Jeremy-Adam-Levin-fundo-el-Wild-Sun-Rescue-Center.jpg?fit=1200%2C672&amp;ssl=1\" data-orig-size=\"1200,672\" data-comments-opened=\"0\" data-image-meta=\"{&quot;aperture&quot;:&quot;0&quot;,&quot;credit&quot;:&quot;&quot;,&quot;camera&quot;:&quot;&quot;,&quot;caption&quot;:&quot;&quot;,&quot;created_timestamp&quot;:&quot;0&quot;,&quot;copyright&quot;:&quot;&quot;,&quot;focal_length&quot;:&quot;0&quot;,&quot;iso&quot;:&quot;0&quot;,&quot;shutter_speed&quot;:&quot;0&quot;,&quot;title&quot;:&quot;&quot;,&quot;orientation&quot;:&quot;0&quot;}\" data-image-title=\"En Cabuya en la pen\u00ednsula de Nicoya Jeremy Adam Levin fund\u00f3 el Wild Sun Rescue Center\" data-image-description=\"\" data-image-caption=\"\" data-large-file=\"https:\/\/i0.wp.com\/costaricainfolink.com\/es\/wp-content\/uploads\/2024\/10\/En-Cabuya-en-la-peninsula-de-Nicoya-Jeremy-Adam-Levin-fundo-el-Wild-Sun-Rescue-Center.jpg?fit=1200%2C672&amp;ssl=1\" src=\"https:\/\/i0.wp.com\/costaricainfolink.com\/es\/wp-content\/uploads\/2024\/10\/En-Cabuya-en-la-peninsula-de-Nicoya-Jeremy-Adam-Levin-fundo-el-Wild-Sun-Rescue-Center.jpg?resize=1200%2C672&#038;ssl=1\" alt=\"En Cabuya en la pen\u00ednsula de Nicoya Jeremy Adam Levin fund\u00f3 el Wild Sun Rescue Center\" class=\"wp-image-20701\" srcset=\"https:\/\/i0.wp.com\/costaricainfolink.com\/es\/wp-content\/uploads\/2024\/10\/En-Cabuya-en-la-peninsula-de-Nicoya-Jeremy-Adam-Levin-fundo-el-Wild-Sun-Rescue-Center.jpg?w=1200&amp;ssl=1 1200w, https:\/\/i0.wp.com\/costaricainfolink.com\/es\/wp-content\/uploads\/2024\/10\/En-Cabuya-en-la-peninsula-de-Nicoya-Jeremy-Adam-Levin-fundo-el-Wild-Sun-Rescue-Center.jpg?resize=768%2C430&amp;ssl=1 768w\" sizes=\"(max-width: 1200px) 100vw, 1200px\" \/><\/figure>\n\n\n\n<p class=\"has-contrast-color has-text-color has-link-color has-medium-font-size wp-elements-21 wp-block-paragraph\">En Cabuya en la pen\u00ednsula de Nicoya, Jeremy Adam Levin fund\u00f3 el Wild Sun Rescue Center. | CR\u00c9DITOS: \u00a9Gianmarco Di Costanzo.<\/p>\n\n\n\n<p class=\"has-contrast-color has-text-color has-link-color has-medium-font-size wp-elements-22 wp-block-paragraph\">Como Encar, otras personas tambi\u00e9n han decidido dedicarse al cuidado de los animales y del medio ambiente. En Cabuya en la pen\u00ednsula de Nicoya, Jeremy Adam Levin fund\u00f3 el Wild Sun Rescue Center. <strong>Jeremy vive en Costa Rica hace m\u00e1s de 15 a\u00f1os.<\/strong><\/p>\n\n\n\n<p class=\"has-contrast-color has-text-color has-link-color has-medium-font-size wp-elements-23 wp-block-paragraph\">\u00abDecid\u00ed dejar mis comodidades en Long Island para dar mi vida a la protecci\u00f3n animal\u00bb dice. <strong>El centro se autofinancia principalmente a trav\u00e9s del turismo.<\/strong> \u00abMuchos visitantes quieren ver todo tipo de animales, y gracias a centros como el nuestro, pueden ver animales que generalmente no es f\u00e1cil de ver tan de cerca, y escuchar sus historias\u00bb.<\/p>\n\n\n\n<p class=\"has-contrast-color has-text-color has-link-color has-medium-font-size wp-elements-24 wp-block-paragraph\"><strong>Centro de rescate Villas Alturas<\/strong><\/p>\n\n\n\n<figure class=\"wp-block-image size-full\"><img data-recalc-dims=\"1\" decoding=\"async\" width=\"1200\" height=\"672\" data-attachment-id=\"20703\" data-permalink=\"https:\/\/costaricainfolink.com\/es\/costa-rica-asi-es-el-plan-de-turismo-ecologico-para-proteger-el-medio-ambiente\/ocelote-en-villas-alturas-rescue-center-costa-rica-2\/#main\" data-orig-file=\"https:\/\/i0.wp.com\/costaricainfolink.com\/es\/wp-content\/uploads\/2024\/10\/Ocelote-en-Villas-Alturas-Rescue-Center-Costa-Rica-1.jpg?fit=1200%2C672&amp;ssl=1\" data-orig-size=\"1200,672\" data-comments-opened=\"0\" data-image-meta=\"{&quot;aperture&quot;:&quot;0&quot;,&quot;credit&quot;:&quot;&quot;,&quot;camera&quot;:&quot;&quot;,&quot;caption&quot;:&quot;&quot;,&quot;created_timestamp&quot;:&quot;0&quot;,&quot;copyright&quot;:&quot;&quot;,&quot;focal_length&quot;:&quot;0&quot;,&quot;iso&quot;:&quot;0&quot;,&quot;shutter_speed&quot;:&quot;0&quot;,&quot;title&quot;:&quot;&quot;,&quot;orientation&quot;:&quot;0&quot;}\" data-image-title=\"Ocelote en Villas Alturas Rescue Center Costa Rica\" data-image-description=\"\" data-image-caption=\"\" data-large-file=\"https:\/\/i0.wp.com\/costaricainfolink.com\/es\/wp-content\/uploads\/2024\/10\/Ocelote-en-Villas-Alturas-Rescue-Center-Costa-Rica-1.jpg?fit=1200%2C672&amp;ssl=1\" src=\"https:\/\/i0.wp.com\/costaricainfolink.com\/es\/wp-content\/uploads\/2024\/10\/Ocelote-en-Villas-Alturas-Rescue-Center-Costa-Rica-1.jpg?resize=1200%2C672&#038;ssl=1\" alt=\"Ocelote en Villas Alturas Rescue Center Costa Rica\" class=\"wp-image-20703\" srcset=\"https:\/\/i0.wp.com\/costaricainfolink.com\/es\/wp-content\/uploads\/2024\/10\/Ocelote-en-Villas-Alturas-Rescue-Center-Costa-Rica-1.jpg?w=1200&amp;ssl=1 1200w, https:\/\/i0.wp.com\/costaricainfolink.com\/es\/wp-content\/uploads\/2024\/10\/Ocelote-en-Villas-Alturas-Rescue-Center-Costa-Rica-1.jpg?resize=768%2C430&amp;ssl=1 768w\" sizes=\"(max-width: 1200px) 100vw, 1200px\" \/><\/figure>\n\n\n\n<p class=\"has-contrast-color has-text-color has-link-color has-medium-font-size wp-elements-25 wp-block-paragraph\">Ocelote en Villas Alturas Rescue Center. El centro de rescate Villas Alturas trabaja para la protecci\u00f3n de los animales. | CR\u00c9DITO: \u00a9Gianmarco Di Costanzo.<\/p>\n\n\n\n<p class=\"has-contrast-color has-text-color has-link-color has-medium-font-size wp-elements-26 wp-block-paragraph\">Cerca de Uvita en la costa del Pacifico, tambi\u00e9n el centro de rescate Villas Alturas trabaja para la protecci\u00f3n de los animales. \u00abRecogemos a los animales heridos y los llevamos al centro para que se curen. <strong>Aquellos que luego son capaces de volver a vivir en la naturaleza<\/strong>, los liberamos despu\u00e9s de un per\u00edodo de rehabilitaci\u00f3n\u00bb, explica Cristina Schellmann, directora de Proyectos del Centro.<\/p>\n\n\n\n<p class=\"has-contrast-color has-text-color has-link-color has-medium-font-size wp-elements-27 wp-block-paragraph\">La protecci\u00f3n del medio ambiente es un elemento fundamental para el crecimiento del turismo en el pa\u00eds. <strong>La naturaleza es el verdadero atractivo que buscan los turistas<\/strong>, y mantenerla accesible a los visitantes es esencial para el crecimiento econ\u00f3mico de Costa Rica, que tiene uno de sus mayores ingresos del turismo. <strong>El gobierno y las numerosas asociaciones trabajan constantemente para proteger el medio ambiente y facilitar la vida de los turistas<\/strong>, haciendo de Costa Rica uno de los lugares m\u00e1s populares de la zona.<\/p>\n\n\n\n<p class=\"has-contrast-color has-text-color has-link-color has-medium-font-size wp-elements-28 wp-block-paragraph\"><em>Este texto fue escrito por Gianmarco Di Costanzo, es fot\u00f3grafo, reportero y vide\u00f3grafo. Realiza sus reportajes de viaje, publicados por revistas y peri\u00f3dicos internacionales.<\/em><\/p>\n","protected":false},"excerpt":{"rendered":"<p>En uno de los pa\u00edses m\u00e1s biodiversos del mundo, los visitantes juegan un papel clave en la conservaci\u00f3n. As\u00ed es el plan de turismo ecol\u00f3gico en Costa Rica. Costa Rica, un pa\u00eds de unos 5 millones de habitantes, es un pa\u00eds muy popular para los viajeros por sus paisajes tropicales, playas, cascadas y volcanes. A &#8230; <\/p>\n<p class=\"read-more-container\"><a title=\"Costa Rica: As\u00ed es el plan de turismo ecol\u00f3gico para proteger el medio ambiente\" class=\"read-more button\" href=\"https:\/\/costaricainfolink.com\/es\/costa-rica-asi-es-el-plan-de-turismo-ecologico-para-proteger-el-medio-ambiente\/#more-20694\" aria-label=\"Leer m\u00e1s sobre Costa Rica: As\u00ed es el plan de turismo ecol\u00f3gico para proteger el medio ambiente\">Leer M\u00e1s<\/a><\/p>\n","protected":false},"author":34,"featured_media":0,"comment_status":"closed","ping_status":"open","sticky":false,"template":"","format":"standard","meta":{"_jetpack_newsletter_access":"","_jetpack_dont_email_post_to_subs":false,"_jetpack_newsletter_tier_id":0,"_jetpack_memberships_contains_paywalled_content":false,"_jetpack_feature_clip_id":0,"_jetpack_memberships_contains_paid_content":false,"footnotes":"","jetpack_publicize_message":"","jetpack_publicize_feature_enabled":true,"jetpack_social_post_already_shared":true,"jetpack_social_options":{"image_generator_settings":{"template":"highway","default_image_id":0,"font":"","enabled":false},"version":2},"jetpack_post_was_ever_published":false},"categories":[147],"tags":[],"class_list":["post-20694","post","type-post","status-publish","format-standard","hentry","category-noticias","infinite-scroll-item"],"yoast_head":"<!-- This site is optimized with the Yoast SEO plugin v28.3 - https:\/\/yoast.com\/product\/yoast-seo-wordpress\/ -->\n<title>Costa Rica: As\u00ed es el plan de turismo ecol\u00f3gico para proteger.<\/title>\n<meta name=\"description\" content=\"Costa Rica: As\u00ed es el plan de turismo ecol\u00f3gico para proteger el medio ambiente.\" \/>\n<meta name=\"robots\" content=\"index, follow, max-snippet:-1, max-image-preview:large, max-video-preview:-1\" \/>\n<link rel=\"canonical\" href=\"https:\/\/costaricainfolink.com\/es\/costa-rica-asi-es-el-plan-de-turismo-ecologico-para-proteger-el-medio-ambiente\/\" \/>\n<meta property=\"og:locale\" content=\"es_ES\" \/>\n<meta property=\"og:type\" content=\"article\" \/>\n<meta property=\"og:title\" content=\"Costa Rica: As\u00ed es el plan de turismo ecol\u00f3gico para proteger.\" \/>\n<meta property=\"og:description\" content=\"Costa Rica: As\u00ed es el plan de turismo ecol\u00f3gico para proteger el medio ambiente.\" \/>\n<meta property=\"og:url\" content=\"https:\/\/costaricainfolink.com\/es\/costa-rica-asi-es-el-plan-de-turismo-ecologico-para-proteger-el-medio-ambiente\/\" \/>\n<meta property=\"og:site_name\" content=\"Costa Rica\" \/>\n<meta property=\"article:published_time\" content=\"2024-10-08T13:03:24+00:00\" \/>\n<meta property=\"article:modified_time\" content=\"2024-10-08T13:09:55+00:00\" \/>\n<meta property=\"og:image\" content=\"https:\/\/costaricainfolink.com\/es\/wp-content\/uploads\/2024\/10\/Cachorro-de-Perezoso-Costa-Rica.jpg\" \/>\n<meta name=\"author\" content=\"Costa Rica Info Link\" \/>\n<meta name=\"twitter:card\" content=\"summary_large_image\" \/>\n<meta name=\"twitter:label1\" content=\"Escrito por\" \/>\n\t<meta name=\"twitter:data1\" content=\"Costa Rica Info Link\" \/>\n\t<meta name=\"twitter:label2\" content=\"Tiempo de lectura\" \/>\n\t<meta name=\"twitter:data2\" content=\"8 minutos\" \/>\n<script type=\"application\/ld+json\" class=\"yoast-schema-graph\">{\"@context\":\"https:\\\/\\\/schema.org\",\"@graph\":[{\"@type\":\"Article\",\"@id\":\"https:\\\/\\\/costaricainfolink.com\\\/es\\\/costa-rica-asi-es-el-plan-de-turismo-ecologico-para-proteger-el-medio-ambiente\\\/#article\",\"isPartOf\":{\"@id\":\"https:\\\/\\\/costaricainfolink.com\\\/es\\\/costa-rica-asi-es-el-plan-de-turismo-ecologico-para-proteger-el-medio-ambiente\\\/\"},\"author\":{\"name\":\"Costa Rica Info Link\",\"@id\":\"https:\\\/\\\/costaricainfolink.com\\\/es\\\/#\\\/schema\\\/person\\\/c6bdf66e6057a0997502bab84cba5c3c\"},\"headline\":\"Costa Rica: As\u00ed es el plan de turismo ecol\u00f3gico para proteger el medio ambiente\",\"datePublished\":\"2024-10-08T13:03:24+00:00\",\"dateModified\":\"2024-10-08T13:09:55+00:00\",\"mainEntityOfPage\":{\"@id\":\"https:\\\/\\\/costaricainfolink.com\\\/es\\\/costa-rica-asi-es-el-plan-de-turismo-ecologico-para-proteger-el-medio-ambiente\\\/\"},\"wordCount\":1272,\"image\":{\"@id\":\"https:\\\/\\\/costaricainfolink.com\\\/es\\\/costa-rica-asi-es-el-plan-de-turismo-ecologico-para-proteger-el-medio-ambiente\\\/#primaryimage\"},\"thumbnailUrl\":\"https:\\\/\\\/costaricainfolink.com\\\/es\\\/wp-content\\\/uploads\\\/2024\\\/10\\\/Cachorro-de-Perezoso-Costa-Rica.jpg\",\"articleSection\":[\"Noticias\"],\"inLanguage\":\"es\"},{\"@type\":\"WebPage\",\"@id\":\"https:\\\/\\\/costaricainfolink.com\\\/es\\\/costa-rica-asi-es-el-plan-de-turismo-ecologico-para-proteger-el-medio-ambiente\\\/\",\"url\":\"https:\\\/\\\/costaricainfolink.com\\\/es\\\/costa-rica-asi-es-el-plan-de-turismo-ecologico-para-proteger-el-medio-ambiente\\\/\",\"name\":\"Costa Rica: As\u00ed es el plan de turismo ecol\u00f3gico para proteger.\",\"isPartOf\":{\"@id\":\"https:\\\/\\\/costaricainfolink.com\\\/es\\\/#website\"},\"primaryImageOfPage\":{\"@id\":\"https:\\\/\\\/costaricainfolink.com\\\/es\\\/costa-rica-asi-es-el-plan-de-turismo-ecologico-para-proteger-el-medio-ambiente\\\/#primaryimage\"},\"image\":{\"@id\":\"https:\\\/\\\/costaricainfolink.com\\\/es\\\/costa-rica-asi-es-el-plan-de-turismo-ecologico-para-proteger-el-medio-ambiente\\\/#primaryimage\"},\"thumbnailUrl\":\"https:\\\/\\\/costaricainfolink.com\\\/es\\\/wp-content\\\/uploads\\\/2024\\\/10\\\/Cachorro-de-Perezoso-Costa-Rica.jpg\",\"datePublished\":\"2024-10-08T13:03:24+00:00\",\"dateModified\":\"2024-10-08T13:09:55+00:00\",\"author\":{\"@id\":\"https:\\\/\\\/costaricainfolink.com\\\/es\\\/#\\\/schema\\\/person\\\/c6bdf66e6057a0997502bab84cba5c3c\"},\"description\":\"Costa Rica: As\u00ed es el plan de turismo ecol\u00f3gico para proteger el medio ambiente.\",\"breadcrumb\":{\"@id\":\"https:\\\/\\\/costaricainfolink.com\\\/es\\\/costa-rica-asi-es-el-plan-de-turismo-ecologico-para-proteger-el-medio-ambiente\\\/#breadcrumb\"},\"inLanguage\":\"es\",\"potentialAction\":[{\"@type\":\"ReadAction\",\"target\":[\"https:\\\/\\\/costaricainfolink.com\\\/es\\\/costa-rica-asi-es-el-plan-de-turismo-ecologico-para-proteger-el-medio-ambiente\\\/\"]}]},{\"@type\":\"ImageObject\",\"inLanguage\":\"es\",\"@id\":\"https:\\\/\\\/costaricainfolink.com\\\/es\\\/costa-rica-asi-es-el-plan-de-turismo-ecologico-para-proteger-el-medio-ambiente\\\/#primaryimage\",\"url\":\"https:\\\/\\\/i0.wp.com\\\/costaricainfolink.com\\\/es\\\/wp-content\\\/uploads\\\/2024\\\/10\\\/Cachorro-de-Perezoso-Costa-Rica.jpg?fit=1200%2C672&ssl=1\",\"contentUrl\":\"https:\\\/\\\/i0.wp.com\\\/costaricainfolink.com\\\/es\\\/wp-content\\\/uploads\\\/2024\\\/10\\\/Cachorro-de-Perezoso-Costa-Rica.jpg?fit=1200%2C672&ssl=1\",\"width\":1200,\"height\":672},{\"@type\":\"BreadcrumbList\",\"@id\":\"https:\\\/\\\/costaricainfolink.com\\\/es\\\/costa-rica-asi-es-el-plan-de-turismo-ecologico-para-proteger-el-medio-ambiente\\\/#breadcrumb\",\"itemListElement\":[{\"@type\":\"ListItem\",\"position\":1,\"name\":\"Portada\",\"item\":\"https:\\\/\\\/costaricainfolink.com\\\/es\\\/\"},{\"@type\":\"ListItem\",\"position\":2,\"name\":\"Costa Rica: As\u00ed es el plan de turismo ecol\u00f3gico para proteger el medio ambiente\"}]},{\"@type\":\"WebSite\",\"@id\":\"https:\\\/\\\/costaricainfolink.com\\\/es\\\/#website\",\"url\":\"https:\\\/\\\/costaricainfolink.com\\\/es\\\/\",\"name\":\"Costa Rica\",\"description\":\"Playas, Parques Nacionales, Museos, Hoteles, Restaurantes, Teatros\",\"potentialAction\":[{\"@type\":\"SearchAction\",\"target\":{\"@type\":\"EntryPoint\",\"urlTemplate\":\"https:\\\/\\\/costaricainfolink.com\\\/es\\\/?s={search_term_string}\"},\"query-input\":{\"@type\":\"PropertyValueSpecification\",\"valueRequired\":true,\"valueName\":\"search_term_string\"}}],\"inLanguage\":\"es\"},{\"@type\":\"Person\",\"@id\":\"https:\\\/\\\/costaricainfolink.com\\\/es\\\/#\\\/schema\\\/person\\\/c6bdf66e6057a0997502bab84cba5c3c\",\"name\":\"Costa Rica Info Link\",\"image\":{\"@type\":\"ImageObject\",\"inLanguage\":\"es\",\"@id\":\"https:\\\/\\\/costaricainfolink.com\\\/es\\\/wp-content\\\/litespeed\\\/avatar\\\/c43d6f8612aa8b6e587cc3f739565538.jpg?ver=1787922000\",\"url\":\"https:\\\/\\\/costaricainfolink.com\\\/es\\\/wp-content\\\/litespeed\\\/avatar\\\/c43d6f8612aa8b6e587cc3f739565538.jpg?ver=1787922000\",\"contentUrl\":\"https:\\\/\\\/costaricainfolink.com\\\/es\\\/wp-content\\\/litespeed\\\/avatar\\\/c43d6f8612aa8b6e587cc3f739565538.jpg?ver=1787922000\",\"caption\":\"Costa Rica Info Link\"},\"sameAs\":[\"http:\\\/\\\/www.costaricainfolink.com\"]}]}<\/script>\n<!-- \/ Yoast SEO plugin. -->","yoast_head_json":{"title":"Costa Rica: As\u00ed es el plan de turismo ecol\u00f3gico para proteger.","description":"Costa Rica: As\u00ed es el plan de turismo ecol\u00f3gico para proteger el medio ambiente.","robots":{"index":"index","follow":"follow","max-snippet":"max-snippet:-1","max-image-preview":"max-image-preview:large","max-video-preview":"max-video-preview:-1"},"canonical":"https:\/\/costaricainfolink.com\/es\/costa-rica-asi-es-el-plan-de-turismo-ecologico-para-proteger-el-medio-ambiente\/","og_locale":"es_ES","og_type":"article","og_title":"Costa Rica: As\u00ed es el plan de turismo ecol\u00f3gico para proteger.","og_description":"Costa Rica: As\u00ed es el plan de turismo ecol\u00f3gico para proteger el medio ambiente.","og_url":"https:\/\/costaricainfolink.com\/es\/costa-rica-asi-es-el-plan-de-turismo-ecologico-para-proteger-el-medio-ambiente\/","og_site_name":"Costa Rica","article_published_time":"2024-10-08T13:03:24+00:00","article_modified_time":"2024-10-08T13:09:55+00:00","og_image":[{"url":"https:\/\/costaricainfolink.com\/es\/wp-content\/uploads\/2024\/10\/Cachorro-de-Perezoso-Costa-Rica.jpg","type":"","width":"","height":""}],"author":"Costa Rica Info Link","twitter_card":"summary_large_image","twitter_misc":{"Escrito por":"Costa Rica Info Link","Tiempo de lectura":"8 minutos"},"schema":{"@context":"https:\/\/schema.org","@graph":[{"@type":"Article","@id":"https:\/\/costaricainfolink.com\/es\/costa-rica-asi-es-el-plan-de-turismo-ecologico-para-proteger-el-medio-ambiente\/#article","isPartOf":{"@id":"https:\/\/costaricainfolink.com\/es\/costa-rica-asi-es-el-plan-de-turismo-ecologico-para-proteger-el-medio-ambiente\/"},"author":{"name":"Costa Rica Info Link","@id":"https:\/\/costaricainfolink.com\/es\/#\/schema\/person\/c6bdf66e6057a0997502bab84cba5c3c"},"headline":"Costa Rica: As\u00ed es el plan de turismo ecol\u00f3gico para proteger el medio ambiente","datePublished":"2024-10-08T13:03:24+00:00","dateModified":"2024-10-08T13:09:55+00:00","mainEntityOfPage":{"@id":"https:\/\/costaricainfolink.com\/es\/costa-rica-asi-es-el-plan-de-turismo-ecologico-para-proteger-el-medio-ambiente\/"},"wordCount":1272,"image":{"@id":"https:\/\/costaricainfolink.com\/es\/costa-rica-asi-es-el-plan-de-turismo-ecologico-para-proteger-el-medio-ambiente\/#primaryimage"},"thumbnailUrl":"https:\/\/costaricainfolink.com\/es\/wp-content\/uploads\/2024\/10\/Cachorro-de-Perezoso-Costa-Rica.jpg","articleSection":["Noticias"],"inLanguage":"es"},{"@type":"WebPage","@id":"https:\/\/costaricainfolink.com\/es\/costa-rica-asi-es-el-plan-de-turismo-ecologico-para-proteger-el-medio-ambiente\/","url":"https:\/\/costaricainfolink.com\/es\/costa-rica-asi-es-el-plan-de-turismo-ecologico-para-proteger-el-medio-ambiente\/","name":"Costa Rica: As\u00ed es el plan de turismo ecol\u00f3gico para proteger.","isPartOf":{"@id":"https:\/\/costaricainfolink.com\/es\/#website"},"primaryImageOfPage":{"@id":"https:\/\/costaricainfolink.com\/es\/costa-rica-asi-es-el-plan-de-turismo-ecologico-para-proteger-el-medio-ambiente\/#primaryimage"},"image":{"@id":"https:\/\/costaricainfolink.com\/es\/costa-rica-asi-es-el-plan-de-turismo-ecologico-para-proteger-el-medio-ambiente\/#primaryimage"},"thumbnailUrl":"https:\/\/costaricainfolink.com\/es\/wp-content\/uploads\/2024\/10\/Cachorro-de-Perezoso-Costa-Rica.jpg","datePublished":"2024-10-08T13:03:24+00:00","dateModified":"2024-10-08T13:09:55+00:00","author":{"@id":"https:\/\/costaricainfolink.com\/es\/#\/schema\/person\/c6bdf66e6057a0997502bab84cba5c3c"},"description":"Costa Rica: As\u00ed es el plan de turismo ecol\u00f3gico para proteger el medio ambiente.","breadcrumb":{"@id":"https:\/\/costaricainfolink.com\/es\/costa-rica-asi-es-el-plan-de-turismo-ecologico-para-proteger-el-medio-ambiente\/#breadcrumb"},"inLanguage":"es","potentialAction":[{"@type":"ReadAction","target":["https:\/\/costaricainfolink.com\/es\/costa-rica-asi-es-el-plan-de-turismo-ecologico-para-proteger-el-medio-ambiente\/"]}]},{"@type":"ImageObject","inLanguage":"es","@id":"https:\/\/costaricainfolink.com\/es\/costa-rica-asi-es-el-plan-de-turismo-ecologico-para-proteger-el-medio-ambiente\/#primaryimage","url":"https:\/\/i0.wp.com\/costaricainfolink.com\/es\/wp-content\/uploads\/2024\/10\/Cachorro-de-Perezoso-Costa-Rica.jpg?fit=1200%2C672&ssl=1","contentUrl":"https:\/\/i0.wp.com\/costaricainfolink.com\/es\/wp-content\/uploads\/2024\/10\/Cachorro-de-Perezoso-Costa-Rica.jpg?fit=1200%2C672&ssl=1","width":1200,"height":672},{"@type":"BreadcrumbList","@id":"https:\/\/costaricainfolink.com\/es\/costa-rica-asi-es-el-plan-de-turismo-ecologico-para-proteger-el-medio-ambiente\/#breadcrumb","itemListElement":[{"@type":"ListItem","position":1,"name":"Portada","item":"https:\/\/costaricainfolink.com\/es\/"},{"@type":"ListItem","position":2,"name":"Costa Rica: As\u00ed es el plan de turismo ecol\u00f3gico para proteger el medio ambiente"}]},{"@type":"WebSite","@id":"https:\/\/costaricainfolink.com\/es\/#website","url":"https:\/\/costaricainfolink.com\/es\/","name":"Costa Rica","description":"Playas, Parques Nacionales, Museos, Hoteles, Restaurantes, Teatros","potentialAction":[{"@type":"SearchAction","target":{"@type":"EntryPoint","urlTemplate":"https:\/\/costaricainfolink.com\/es\/?s={search_term_string}"},"query-input":{"@type":"PropertyValueSpecification","valueRequired":true,"valueName":"search_term_string"}}],"inLanguage":"es"},{"@type":"Person","@id":"https:\/\/costaricainfolink.com\/es\/#\/schema\/person\/c6bdf66e6057a0997502bab84cba5c3c","name":"Costa Rica Info Link","image":{"@type":"ImageObject","inLanguage":"es","@id":"https:\/\/costaricainfolink.com\/es\/wp-content\/litespeed\/avatar\/c43d6f8612aa8b6e587cc3f739565538.jpg?ver=1787922000","url":"https:\/\/costaricainfolink.com\/es\/wp-content\/litespeed\/avatar\/c43d6f8612aa8b6e587cc3f739565538.jpg?ver=1787922000","contentUrl":"https:\/\/costaricainfolink.com\/es\/wp-content\/litespeed\/avatar\/c43d6f8612aa8b6e587cc3f739565538.jpg?ver=1787922000","caption":"Costa Rica Info Link"},"sameAs":["http:\/\/www.costaricainfolink.com"]}]}},"jetpack_publicize_connections":[],"jetpack_sharing_enabled":true,"jetpack_shortlink":"https:\/\/wp.me\/p5dwqG-5nM","jetpack-related-posts":[],"jetpack_featured_media_url":"","_links":{"self":[{"href":"https:\/\/costaricainfolink.com\/es\/wp-json\/wp\/v2\/posts\/20694","targetHints":{"allow":["GET"]}}],"collection":[{"href":"https:\/\/costaricainfolink.com\/es\/wp-json\/wp\/v2\/posts"}],"about":[{"href":"https:\/\/costaricainfolink.com\/es\/wp-json\/wp\/v2\/types\/post"}],"author":[{"embeddable":true,"href":"https:\/\/costaricainfolink.com\/es\/wp-json\/wp\/v2\/users\/34"}],"replies":[{"embeddable":true,"href":"https:\/\/costaricainfolink.com\/es\/wp-json\/wp\/v2\/comments?post=20694"}],"version-history":[{"count":5,"href":"https:\/\/costaricainfolink.com\/es\/wp-json\/wp\/v2\/posts\/20694\/revisions"}],"predecessor-version":[{"id":20709,"href":"https:\/\/costaricainfolink.com\/es\/wp-json\/wp\/v2\/posts\/20694\/revisions\/20709"}],"wp:attachment":[{"href":"https:\/\/costaricainfolink.com\/es\/wp-json\/wp\/v2\/media?parent=20694"}],"wp:term":[{"taxonomy":"category","embeddable":true,"href":"https:\/\/costaricainfolink.com\/es\/wp-json\/wp\/v2\/categories?post=20694"},{"taxonomy":"post_tag","embeddable":true,"href":"https:\/\/costaricainfolink.com\/es\/wp-json\/wp\/v2\/tags?post=20694"}],"curies":[{"name":"wp","href":"https:\/\/api.w.org\/{rel}","templated":true}]}}